{"id":346,"date":"2020-12-22T20:31:42","date_gmt":"2020-12-22T20:31:42","guid":{"rendered":"http:\/\/alexsanderluizqueirozsilva.com.br\/?p=346"},"modified":"2020-12-22T20:31:42","modified_gmt":"2020-12-22T20:31:42","slug":"primeira-biblioteca-indigena-de-mt-e-inaugurada-com-livros-historicos-e-artesanatos","status":"publish","type":"post","link":"https:\/\/alexsanderluizqueirozsilva.com.br\/index.php\/primeira-biblioteca-indigena-de-mt-e-inaugurada-com-livros-historicos-e-artesanatos\/","title":{"rendered":"Primeira biblioteca ind\u00edgena de MT \u00e9 inaugurada com livros hist\u00f3ricos e artesanatos"},"content":{"rendered":"\n<p>22\/12\/2020<\/p>\n\n\n\n<p>Pr\u00e9dio da &#8216;Biblio\u00d3CA&#8217; foi constru\u00eddo pelos pr\u00f3prios ind\u00edgenas, mantendo a arquitetura tradicional da comunidade.<\/p>\n\n\n\n<p>A primeira biblioteca ind\u00edgena de Mato Grosso foi inaugurada em Ju\u00edna, a 737 km de Cuiab\u00e1, no \u00faltimo s\u00e1bado (19). Al\u00e9m do acervo de livros tem\u00e1ticos, o local conta com galeria de mem\u00f3ria das lideran\u00e7as ind\u00edgenas do povo Rickbaktsa, red\u00e1rio liter\u00e1rio e espa\u00e7o para comercializa\u00e7\u00e3o de artesanatos.<\/p>\n\n\n\n<p>O pr\u00e9dio da &#8216;Biblio\u00d3CA&#8217; foi constru\u00eddo pelos pr\u00f3prios ind\u00edgenas, mantendo a arquitetura tradicional da comunidade.<\/p>\n\n\n\n<div class=\"wp-block-image\"><figure class=\"aligncenter size-large\"><img loading=\"lazy\" width=\"1008\" height=\"657\" src=\"http:\/\/alexsanderluizqueirozsilva.com.br\/wp-content\/uploads\/2020\/12\/20.1-oca.jpeg\" alt=\"\" class=\"wp-image-347\" srcset=\"https:\/\/alexsanderluizqueirozsilva.com.br\/wp-content\/uploads\/2020\/12\/20.1-oca.jpeg 1008w, https:\/\/alexsanderluizqueirozsilva.com.br\/wp-content\/uploads\/2020\/12\/20.1-oca-614x400.jpeg 614w, https:\/\/alexsanderluizqueirozsilva.com.br\/wp-content\/uploads\/2020\/12\/20.1-oca-768x501.jpeg 768w\" sizes=\"(max-width: 1008px) 100vw, 1008px\" \/><\/figure><\/div>\n\n\n\n<p>O secret\u00e1rio de Cultura do munic\u00edpio, Adriano Souza, contou ao\u00a0<strong>G1\u00a0<\/strong>que a &#8216;Biblio\u00d3CA&#8217; tem um acervo de livros sobre a hist\u00f3ria do Brasil, dos povos ind\u00edgenas e hist\u00f3rias em geral. A partir de janeiro, o espa\u00e7o tamb\u00e9m ter\u00e1 laborat\u00f3rio de inform\u00e1tica com acesso \u00e0 internet para a popula\u00e7\u00e3o.<\/p>\n\n\n\n<p>\u201cNo pr\u00f3ximo ano tamb\u00e9m teremos as monografias, teses de doutorado e disserta\u00e7\u00f5es de mestrado feitas pela UFMT e UNEMAT, referente ao povo Rikbaktsa. Al\u00e9m disso, ser\u00e3o comprados mais obras referentes \u00e0 tem\u00e1tica ind\u00edgena atrav\u00e9s da Lei Aldir Blanc\u201d, contou.<\/p>\n\n\n\n<p>Neste fim de ano, a biblioteca estar\u00e1 aberta de quinta-feira a domingo, das 14h \u00e0s 21h. A partir de janeiro, ser\u00e1 aberta todos os dias das 8h \u00e0s 18h.<\/p>\n\n\n\n<p>A entrada \u00e9 gratuita e o local \u00e9 aberto ao p\u00fablico em geral.<\/p>\n\n\n\n<p>\u201cO desejo \u00e9 trazer a cultura ind\u00edgena para perto dos n\u00e3o ind\u00edgenas e minimizar o preconceito\u201d, disse Adriano.<\/p>\n\n\n\n<p>De acordo com o secret\u00e1rio, o espa\u00e7o acomoda at\u00e9 30 pessoas, mas, devido ao per\u00edodo de pandemia, funcionar\u00e1 com 50% da capacidade, conforme determina o decreto municipal.<\/p>\n\n\n\n<p>O espa\u00e7o \u00e9 parte integrante do Sistema Municipal de Bibliotecas de Ju\u00edna (SMBJ) que conta com financiamento da Prefeitura Municipal, Governo do Estado por meio da Secretaria Estadual de Cultura (Secel), Justi\u00e7a do Trabalho e Minist\u00e9rio P\u00fablico do Trabalho, al\u00e9m de outros parceiros institucionais.<\/p>\n\n\n\n<p>Fonte: G1<\/p>\n","protected":false},"excerpt":{"rendered":"<p>22\/12\/2020 Pr\u00e9dio da &#8216;Biblio\u00d3CA&#8217; foi constru\u00eddo pelos pr\u00f3prios ind\u00edgenas, mantendo a arquitetura tradicional da comunidade. A primeira biblioteca ind\u00edgena de Mato Grosso foi inaugurada em Ju\u00edna, a 737 km de Cuiab\u00e1, no \u00faltimo s\u00e1bado (19). Al\u00e9m do acervo de livros tem\u00e1ticos, o local conta com galeria de mem\u00f3ria das lideran\u00e7as ind\u00edgenas do povo Rickbaktsa, red\u00e1rio [&#8230;]\n","protected":false},"author":1,"featured_media":348,"comment_status":"open","ping_status":"open","sticky":false,"template":"","format":"standard","meta":[],"categories":[1],"tags":[55,57,56,53,54],"_links":{"self":[{"href":"https:\/\/alexsanderluizqueirozsilva.com.br\/index.php\/wp-json\/wp\/v2\/posts\/346"}],"collection":[{"href":"https:\/\/alexsanderluizqueirozsilva.com.br\/index.php\/wp-json\/wp\/v2\/posts"}],"about":[{"href":"https:\/\/alexsanderluizqueirozsilva.com.br\/index.php\/wp-json\/wp\/v2\/types\/post"}],"author":[{"embeddable":true,"href":"https:\/\/alexsanderluizqueirozsilva.com.br\/index.php\/wp-json\/wp\/v2\/users\/1"}],"replies":[{"embeddable":true,"href":"https:\/\/alexsanderluizqueirozsilva.com.br\/index.php\/wp-json\/wp\/v2\/comments?post=346"}],"version-history":[{"count":1,"href":"https:\/\/alexsanderluizqueirozsilva.com.br\/index.php\/wp-json\/wp\/v2\/posts\/346\/revisions"}],"predecessor-version":[{"id":349,"href":"https:\/\/alexsanderluizqueirozsilva.com.br\/index.php\/wp-json\/wp\/v2\/posts\/346\/revisions\/349"}],"wp:featuredmedia":[{"embeddable":true,"href":"https:\/\/alexsanderluizqueirozsilva.com.br\/index.php\/wp-json\/wp\/v2\/media\/348"}],"wp:attachment":[{"href":"https:\/\/alexsanderluizqueirozsilva.com.br\/index.php\/wp-json\/wp\/v2\/media?parent=346"}],"wp:term":[{"taxonomy":"category","embeddable":true,"href":"https:\/\/alexsanderluizqueirozsilva.com.br\/index.php\/wp-json\/wp\/v2\/categories?post=346"},{"taxonomy":"post_tag","embeddable":true,"href":"https:\/\/alexsanderluizqueirozsilva.com.br\/index.php\/wp-json\/wp\/v2\/tags?post=346"}],"curies":[{"name":"wp","href":"https:\/\/api.w.org\/{rel}","templated":true}]}}