{"id":356,"date":"2020-12-29T22:05:17","date_gmt":"2020-12-29T22:05:17","guid":{"rendered":"http:\/\/alexsanderluizqueirozsilva.com.br\/?p=356"},"modified":"2020-12-29T22:05:23","modified_gmt":"2020-12-29T22:05:23","slug":"a-rara-raposa-prateada-que-paralisou-o-transito-na-inglaterra","status":"publish","type":"post","link":"https:\/\/alexsanderluizqueirozsilva.com.br\/index.php\/a-rara-raposa-prateada-que-paralisou-o-transito-na-inglaterra\/","title":{"rendered":"A rara raposa &#8216;prateada&#8217; que paralisou o tr\u00e2nsito na Inglaterra"},"content":{"rendered":"\n<p>29\/12\/2020<\/p>\n\n\n\n<p><strong>Um homem que avistou uma rara raposa de cor preta em uma estrada rural da Inglaterra afirmou que inicialmente &#8220;n\u00e3o tinha ideia&#8221; do que estava vendo.<\/strong><\/p>\n\n\n\n<p>Karm Singh estava voltando para casa ap\u00f3s uma caminhada na praia de Brean, em Somerset, sudoeste da Inglaterra, quando viu o animal raro \u00e0 beira da estrada.<\/p>\n\n\n\n<p>O homem de 34 anos disse que o tr\u00e1fego parou quando as pessoas estacionaram para ver a cena rara.<\/p>\n\n\n\n<p>O animal \u00e9 um um tipo de raposa vermelha norte-americana com uma caracter\u00edstica que faz seu pelo ficar preto-prateado.<\/p>\n\n\n\n<p>&#8220;O carro na minha frente parou e ent\u00e3o eu vi o que pensei ser um cachorro vadio, mas quando ele se aproximou percebi que era uma raposa&#8221;, disse Singh.<\/p>\n\n\n\n<p>&#8220;Tive de pesquisar no Google porque n\u00e3o fazia ideia da exist\u00eancia de uma raposa dessa cor&#8221;, afirmou.<\/p>\n\n\n\n<p>&#8220;O tr\u00e1fego estava aumentando atr\u00e1s de mim. Era uma loucura.&#8221;<\/p>\n\n\n\n<p>Com o carro parado, ele e sua parceira, Lily McDonald, conseguiram tirar fotos do animal.<\/p>\n\n\n\n<p>Singh relatou o epis\u00f3dio ao grupo Black Foxes UK (Raposas Negras do Reino Unido), que afirma que muitos desses animais s\u00e3o criados dentro de casa, como bichos de estima\u00e7\u00e3o. Segundo o grupo, alguns deles podem ter fugido e precisam ser devolvidos aos donos.<\/p>\n\n\n\n<p>De acordo com o grupo, cerca de 0,1% das raposas no Reino Unido s\u00e3o pretas e s\u00e3o frequentemente chamadas de &#8216;raposas prateadas&#8217;.<\/p>\n\n\n\n<p>Fonte: BBC Brasil <\/p>\n","protected":false},"excerpt":{"rendered":"<p>29\/12\/2020 Um homem que avistou uma rara raposa de cor preta em uma estrada rural da Inglaterra afirmou que inicialmente &#8220;n\u00e3o tinha ideia&#8221; do que estava vendo. Karm Singh estava voltando para casa ap\u00f3s uma caminhada na praia de Brean, em Somerset, sudoeste da Inglaterra, quando viu o animal raro \u00e0 beira da estrada. O [&#8230;]\n","protected":false},"author":1,"featured_media":357,"comment_status":"open","ping_status":"open","sticky":false,"template":"","format":"standard","meta":[],"categories":[1],"tags":[],"_links":{"self":[{"href":"https:\/\/alexsanderluizqueirozsilva.com.br\/index.php\/wp-json\/wp\/v2\/posts\/356"}],"collection":[{"href":"https:\/\/alexsanderluizqueirozsilva.com.br\/index.php\/wp-json\/wp\/v2\/posts"}],"about":[{"href":"https:\/\/alexsanderluizqueirozsilva.com.br\/index.php\/wp-json\/wp\/v2\/types\/post"}],"author":[{"embeddable":true,"href":"https:\/\/alexsanderluizqueirozsilva.com.br\/index.php\/wp-json\/wp\/v2\/users\/1"}],"replies":[{"embeddable":true,"href":"https:\/\/alexsanderluizqueirozsilva.com.br\/index.php\/wp-json\/wp\/v2\/comments?post=356"}],"version-history":[{"count":1,"href":"https:\/\/alexsanderluizqueirozsilva.com.br\/index.php\/wp-json\/wp\/v2\/posts\/356\/revisions"}],"predecessor-version":[{"id":358,"href":"https:\/\/alexsanderluizqueirozsilva.com.br\/index.php\/wp-json\/wp\/v2\/posts\/356\/revisions\/358"}],"wp:featuredmedia":[{"embeddable":true,"href":"https:\/\/alexsanderluizqueirozsilva.com.br\/index.php\/wp-json\/wp\/v2\/media\/357"}],"wp:attachment":[{"href":"https:\/\/alexsanderluizqueirozsilva.com.br\/index.php\/wp-json\/wp\/v2\/media?parent=356"}],"wp:term":[{"taxonomy":"category","embeddable":true,"href":"https:\/\/alexsanderluizqueirozsilva.com.br\/index.php\/wp-json\/wp\/v2\/categories?post=356"},{"taxonomy":"post_tag","embeddable":true,"href":"https:\/\/alexsanderluizqueirozsilva.com.br\/index.php\/wp-json\/wp\/v2\/tags?post=356"}],"curies":[{"name":"wp","href":"https:\/\/api.w.org\/{rel}","templated":true}]}}