{"id":509,"date":"2021-03-05T00:03:00","date_gmt":"2021-03-05T00:03:00","guid":{"rendered":"http:\/\/alexsanderluizqueirozsilva.com.br\/?p=509"},"modified":"2021-03-07T00:08:18","modified_gmt":"2021-03-07T00:08:18","slug":"exposicoes-virtuais-para-visitar-sem-sair-de-casa","status":"publish","type":"post","link":"https:\/\/alexsanderluizqueirozsilva.com.br\/index.php\/exposicoes-virtuais-para-visitar-sem-sair-de-casa\/","title":{"rendered":"Exposi\u00e7\u00f5es virtuais para visitar sem sair de casa"},"content":{"rendered":"\n<p>05\/03\/2021<\/p>\n\n\n\n<p>Em tempos de pandemia, museus disponibilizam suas mostras em cartaz em ambiente digital<\/p>\n\n\n\n<p>Sabia que, em um clique, \u00e9 poss\u00edvel visitar exposi\u00e7\u00f5es sem sair de casa? \u00c9 que com a pandemia, muitos museus e galerias come\u00e7aram a disponibilizar no ambiente digital suas mais recentes curadorias pensando em seguran\u00e7a, mas sem deixar de oferecer suas mostras aos apaixonados por cultura.<\/p>\n\n\n\n<p>Acomode-se no sof\u00e1, na cama e at\u00e9 no seu quintal, e fa\u00e7a esse tour virtual pelas obras em cartaz. S\u00e3o gratuitas e \u00e9 poss\u00edvel retornar quando desejar! Bom passeio!<\/p>\n\n\n\n<p><strong>O MAR<\/strong><br>O Museu de Arte de Rua coloca a arte urbana em foco! Com obras de 40 artistas brasileiros, o museu a c\u00e9u aberto re\u00fane pain\u00e9is em empenas de pr\u00e9dios e em muros assinados por grandes nomes da cena, como Mundano, Speto, Verena Smit, Felipe Morozini e muitos outros.<\/p>\n\n\n\n<p>Passeie por todos eles pelo computador mesmo, a\u00ed da sua casa, clicando no nome do artista \u00e0 direita ou no mapa, \u00e0 esquerda da sua tela. Al\u00e9m de admirar o trabalho (d\u00e1 pra apreciar bem de pertinho, de diversos \u00e2ngulos), ainda \u00e9 poss\u00edvel fazer um giro 360\u00b0 pela regi\u00e3o da cidade onde eles \u201cmoram\u201d. A a\u00e7\u00e3o joga mais do que luz a esta express\u00e3o art\u00edstica. Incentiva e dissemina obras feitas com grafite, est\u00eancil e c\u00e2mera fotogr\u00e1fica. Houve, ainda, um cuidado \u00e0 tem\u00e1tica: h\u00e1 interven\u00e7\u00f5es conectadas \u00e0 pandemia da Covid-19 atrav\u00e9s de homenagens de quem est\u00e1 na linha de frente do combate e mensagens de alento e esperan\u00e7a. O projeto \u00e9 uma iniciativa da Prefeitura de S\u00e3o Paulo em parceria com as secretarias municipais de Cultura, Subprefeituras e Educa\u00e7\u00e3o. Clique&nbsp;<a href=\"https:\/\/www.mar360.art.br\/\">aqui<\/a>&nbsp;e navegue!<\/p>\n\n\n\n<p><strong>BEATRIZ MILHAZES e CHIQUINHA GONZAGA, no ITA\u00da CULTURAL<\/strong><br>Em cartaz, as duas exposi\u00e7\u00f5es ganham vers\u00f5es online. \u201cTemos de considerar que, mesmo com todos os protocolos de seguran\u00e7a seguidos por n\u00f3s e demais equipamentos culturais, o p\u00fablico se exp\u00f5e nos deslocamentos. \u00c9 hora de aprofundarmos as nossas a\u00e7\u00f5es virtuais para dar uma contribui\u00e7\u00e3o adicional.\u201d diz Eduardo Saron, diretor da casa.<\/p>\n\n\n\n<p>Clicando\u00a0<strong><a href=\"https:\/\/www.itaucultural.org.br\/secoes\/videos\/visita-virtual-exposicao-beatriz-milhazes-avenida\">aqui<\/a><\/strong>\u00a0, o visitante mergulha na exposi\u00e7\u00e3o de\u00a0<em>Beatriz<\/em>, tendo o curador da mostra, Ivo Mesquita, como guia. H\u00e1 ainda a possibilidade de desbravar a mostra em uma visita em 360 graus pelos tr\u00eas andares expositivos da casa, podendo escolher os eixos a serem vistos enquanto o processo de cria\u00e7\u00e3o \u00e9 comentado pela pr\u00f3pria artista, que traz observa\u00e7\u00f5es sobre seu trabalho e impress\u00f5es e percep\u00e7\u00f5es sobre sua obra. A mostra ocupa os tr\u00eas andares do espa\u00e7o expositivo, com 79 obras \u2013tr\u00eas delas, in\u00e9ditas: Hava\u00ed em amarelo vibrante, Cor de pele e Giro horizontal.<\/p>\n\n\n\n<p>J\u00e1 para ter acesso ao material da expo de&nbsp;<a href=\"https:\/\/viagemegastronomia.cnnbrasil.com.br\/dicas\/vida-e-obra-de-chiquinha-gonzaga-ganham-exposicao-em-sao-paulo\/\"><em>Chiquinha Gonzaga<\/em><\/a>, clique&nbsp;<strong><a href=\"https:\/\/www.itaucultural.org.br\/ocupacao\/chiquinha-gongaza\/\">aqui.<\/a><\/strong>&nbsp;O hotsite cont\u00e9m, por exemplo, v\u00eddeoguia em Libras, linha do tempo, quizz, fotos, grava\u00e7\u00f5es de m\u00fasicas da compositora e gloss\u00e1rio musical da \u00e9poca. A ferramenta tamb\u00e9m traz as grava\u00e7\u00f5es de Dona Jacira, multiartista e m\u00e3e de Emicida; Jup do Bairro, cantora, compositora e apresentadora; Beth Beli, percussionista e fundadora do bloco carnavalesco Il\u00fa Ob\u00e1 De Min, a atriz Indira Nascimento e a cantora Fabiana Cozza sobre textos escritos pela dramaturga Maria Shu, e narrados por elas como se fossem depoimentos da pr\u00f3pria maestrina sobre sua vida.<\/p>\n\n\n\n<p><strong>LEONARDO DA VINCI, no MIS<\/strong><br>O MIS, Museu da Imagem e do Som, lan\u00e7ou o projeto MIS Experience, um novo equipamento cultural do Estado de S\u00e3o Paulo, criado em parceria com a Secretaria de Cultura e Economia Criativa e a TV Cultura. Com foco em experi\u00eancias multissensoriais, o espa\u00e7o apresenta a exposi\u00e7\u00e3o&nbsp;<em>Leonardo da Vinci \u2013 500 anos de um g\u00eanio<\/em>, concebida pela Grande Exhibitions, empresa sediada em Melbourne, na Austr\u00e1lia.<\/p>\n\n\n\n<p>Respire fundo e entre nesta que \u00e9 considerada a investiga\u00e7\u00e3o mais completa e detalhada sobre o trabalho de da Vinci a cruzar o mundo. Criada em parceria com o Museo Leonardo da Vinci, em Roma, e com colabora\u00e7\u00e3o de diversos especialistas e historiadores da It\u00e1lia e da Fran\u00e7a, a mostra soma 18 \u00e1reas tem\u00e1ticas que contam a trajet\u00f3ria do grande g\u00eanio renascentista. \u00c9 poss\u00edvel passear por todas as \u00e1reas da exposi\u00e7\u00e3o. Demore-se na sala imersiva Sensory4&#x2122; com imagens em 360 graus! Ao se aproximar dos objetos, o visitante \u00e9 convidado a viver uma experi\u00eancia de realidade aumentada, sendo poss\u00edvel ve-los de pertinho e ler sobre eles logo ao lado, clicando na plaquinha. H\u00e1 tamb\u00e9m uma s\u00e9rie de v\u00eddeos com conte\u00fados que revelam aspectos curiosos do artista, aux\u00edlio de um audioguia e acesso \u00e0s observa\u00e7\u00f5es cient\u00edficas e t\u00e9cnicas de Leonardo em suas anota\u00e7\u00f5es e esbo\u00e7os, dos quais cerca de 6.000 p\u00e1ginas ainda existem! E, claro, uma sala totalmente dedicada \u00e0 Monalisa! Sem mais spoiler, clique\u00a0<strong><a href=\"https:\/\/www.mis-sp.org.br\/exposicoes\/virtual\/32f227ac-3a89-4929-aa77-c36371d8aadd\/leonardo-da-vinci-500-anos-de-um-genio-digital\">aqui<\/a><\/strong>\u00a0e aproveite!<\/p>\n\n\n\n<p><strong>ART NOUVEAU, BJ\u00d6RK, IVAN SERPA no CENTRO CULTURAL BANCO DO BRASIL<\/strong><br>O CCBB disponibilizou todo seu conte\u00fado expositivo, em cartaz nas sedes de S\u00e3o Paulo, Rio de Janeiro, Belo Horizonte e Distrito Federal, em seu site para mergulho dos visitantes. A mostra\u00a0<em>Alphonse Mucha: o legado da Art Nouveau<\/em>\u00a0est\u00e1 dispon\u00edvel para tour virtual em 360\u00ba;\u00a0<em>Bj\u00f6rk Digital<\/em>, dedicado \u00e0 artista islandesa, em cartaz apenas no Rio, agora pode ser visitada por pessoas de todo o Brasil. O mesmo acontece com as obras de\u00a0<em>Ivan Serpa<\/em>\u00a0e a sua\u00a0<em>Express\u00e3o do Concreto<\/em>, dispon\u00edvel agora em passeio virtual. Sons e textos de apoio acompanham o visitante por todas as mostras, que s\u00e3o gratuitas e podem ser acessadas quantas vezes desejar! Clique\u00a0<a href=\"https:\/\/www.bb.com.br\/pbb\/pagina-inicial\/sobre-nos\/cultura\/ccbb#\/\">aqui!<\/a><\/p>\n\n\n\n<p><strong>27 ARTISTAS RETRATAM O EMPODERAMENTO FEMININO no UP TIME ART GALLERY<\/strong><br>A exposi\u00e7\u00e3o 3D \u201cEmpoderamento Feminino\u201d \u00e9 promovida pela&nbsp;<a href=\"https:\/\/www.uptimegallery.com\/galeria3d\">UP Time Art Gallery<\/a>, galeria de arte itinerante que re\u00fane artistas do Brasil e de pa\u00edses da Europa para disseminar o que h\u00e1 de melhor na arte contempor\u00e2nea. A exibi\u00e7\u00e3o \u00e9 100% online e gratuita e busca homenagear a luta feminina no m\u00eas que abriga o Dia Internacional da Mulher, celebrado em 08 de mar\u00e7o. A mostra \u00e9 tamb\u00e9m uma oportunidade de conhecer novos artistas, de diferentes nacionalidades, do cen\u00e1rio da arte independente, por meio de obras visuais que tem o feminino como protagonista. Dispon\u00edvel at\u00e9 29 de mar\u00e7o, a exposi\u00e7\u00e3o traz tamb\u00e9m depoimentos dos artistas. Clique&nbsp;<strong><a href=\"https:\/\/www.uptimegallery.com\/galeria3d\">aqui<\/a><\/strong>&nbsp;e usufrua!<\/p>\n\n\n\n<p><strong>ANTONIO DIAS no MAM<br><\/strong><em>Antonio Dias: derrotas e vit\u00f3rias<\/em>\u00a0\u00e9 a exposi\u00e7\u00e3o dedicada a Antonio Dias (1944 \u2013 2018), artista singular da arte contempor\u00e2nea brasileira, autor de obras multim\u00eddias, repleta de engajamento social e pol\u00edtico, ironia e sensualidade. Com curadoria de Felipe Chaimovich, a mostra traz obras emblem\u00e1ticas, com textos de apoio, muitas delas raramente exibidas, todas vindas diretamente do acervo pessoal do artista. Veja no\u00a0<strong><a href=\"https:\/\/artsandculture.google.com\/exhibit\/antonio-dias-derrotas-e-vit%C3%B3rias\/gwKicPLPSDG2IA\">Google Arts &amp; Culture<\/a><\/strong><\/p>\n\n\n\n<p><strong>20 anos do Clube de Colecionadores de Fotografia no MAM<\/strong><br>A hist\u00f3ria da fotografia moderna e contempor\u00e2nea no Brasil se funde, por diversos momentos, com o surgimento do Clube de Colecionadores de Fotografia do Museu de Arte de S\u00e3o Paulo, nascido nos anos 2000 por iniciativa de Tadeu Chiarelli, na \u00e9poca curador-chefe da casa. Com curadoria de Eder Chiodetto, a mostra re\u00fane trabalhos de diferentes gera\u00e7\u00f5es e linguagens art\u00edsticas, cria\u00e7\u00f5es emblem\u00e1ticas de nomes como Adriana Varej\u00e3o, Berna Reale, Cl\u00e1udia Andujar, Nuno Ramos e Miguel Rio Branco. Destaque para a obra \u2018Cantando na Chuva\u2019 (2014) de Berna e \u2018Trancoso, Bahia\u2019 (1999\/2011) de Araqu\u00e9m Alc\u00e2ntara. Para acessar? v\u00e1 no\u00a0<strong><a href=\"https:\/\/artsandculture.google.com\/exhibit\/clube-de-colecionadores-de-fotografia-do-mam-20-anos\/VQJC8ZJ-kah2Kg\">Google Arts &amp; Culture<\/a><\/strong><\/p>\n\n\n\n<p>Fonte: CNN Brasil <\/p>\n","protected":false},"excerpt":{"rendered":"<p>05\/03\/2021 Em tempos de pandemia, museus disponibilizam suas mostras em cartaz em ambiente digital Sabia que, em um clique, \u00e9 poss\u00edvel visitar exposi\u00e7\u00f5es sem sair de casa? \u00c9 que com a pandemia, muitos museus e galerias come\u00e7aram a disponibilizar no ambiente digital suas mais recentes curadorias pensando em seguran\u00e7a, mas sem deixar de oferecer suas [&#8230;]\n","protected":false},"author":1,"featured_media":510,"comment_status":"closed","ping_status":"open","sticky":false,"template":"","format":"standard","meta":[],"categories":[24,22],"tags":[69,52,51,78],"_links":{"self":[{"href":"https:\/\/alexsanderluizqueirozsilva.com.br\/index.php\/wp-json\/wp\/v2\/posts\/509"}],"collection":[{"href":"https:\/\/alexsanderluizqueirozsilva.com.br\/index.php\/wp-json\/wp\/v2\/posts"}],"about":[{"href":"https:\/\/alexsanderluizqueirozsilva.com.br\/index.php\/wp-json\/wp\/v2\/types\/post"}],"author":[{"embeddable":true,"href":"https:\/\/alexsanderluizqueirozsilva.com.br\/index.php\/wp-json\/wp\/v2\/users\/1"}],"replies":[{"embeddable":true,"href":"https:\/\/alexsanderluizqueirozsilva.com.br\/index.php\/wp-json\/wp\/v2\/comments?post=509"}],"version-history":[{"count":1,"href":"https:\/\/alexsanderluizqueirozsilva.com.br\/index.php\/wp-json\/wp\/v2\/posts\/509\/revisions"}],"predecessor-version":[{"id":511,"href":"https:\/\/alexsanderluizqueirozsilva.com.br\/index.php\/wp-json\/wp\/v2\/posts\/509\/revisions\/511"}],"wp:featuredmedia":[{"embeddable":true,"href":"https:\/\/alexsanderluizqueirozsilva.com.br\/index.php\/wp-json\/wp\/v2\/media\/510"}],"wp:attachment":[{"href":"https:\/\/alexsanderluizqueirozsilva.com.br\/index.php\/wp-json\/wp\/v2\/media?parent=509"}],"wp:term":[{"taxonomy":"category","embeddable":true,"href":"https:\/\/alexsanderluizqueirozsilva.com.br\/index.php\/wp-json\/wp\/v2\/categories?post=509"},{"taxonomy":"post_tag","embeddable":true,"href":"https:\/\/alexsanderluizqueirozsilva.com.br\/index.php\/wp-json\/wp\/v2\/tags?post=509"}],"curies":[{"name":"wp","href":"https:\/\/api.w.org\/{rel}","templated":true}]}}