{"id":563,"date":"2021-03-29T22:19:58","date_gmt":"2021-03-29T22:19:58","guid":{"rendered":"http:\/\/alexsanderluizqueirozsilva.com.br\/?p=563"},"modified":"2021-03-29T22:20:05","modified_gmt":"2021-03-29T22:20:05","slug":"canal-de-suez-cargueiro-e-desencalhado-e-circulacao-de-navios-e-retomada","status":"publish","type":"post","link":"https:\/\/alexsanderluizqueirozsilva.com.br\/index.php\/canal-de-suez-cargueiro-e-desencalhado-e-circulacao-de-navios-e-retomada\/","title":{"rendered":"Canal de Suez: cargueiro \u00e9 desencalhado, e circula\u00e7\u00e3o de navios \u00e9 retomada"},"content":{"rendered":"\n<p>29\/03\/2021<\/p>\n\n\n\n<p><strong>Depois de quase uma semana de uma enorme opera\u00e7\u00e3o de desencalhe, o cargueiro Ever Given finalmente destravou a circula\u00e7\u00e3o no Canal de Suez, nesta segunda-feira (29\/3).<\/strong><\/p>\n\n\n\n<p>Segundo disseram as autoridades do canal \u00e0 ag\u00eancia Reuters, o tr\u00e1fego por Suez &#8211; que faz a rota mais curta entre a \u00c1sia e a Europa \u00e9 uma das rotas comerciais mais movimentadas do mundo &#8211; p\u00f4de, ent\u00e3o, come\u00e7ar a ser retomado. Havia nesta segunda-feira ao menos 369 embarca\u00e7\u00f5es na fila, esperando para cruzar o canal, mesmo depois de v\u00e1rias empresas terem redirecionado parte de seus navios para outras rotas.<\/p>\n\n\n\n<p>A opera\u00e7\u00e3o de desencalhe do Ever Given (que tem comprimento semelhante \u00e0 altura do edif\u00edcio americano Empire State) contou com dias de trabalho de diversos rebocadores.<\/p>\n\n\n\n<p>Peter Berdowski, CEO da empresa de resgate holandesa Boskalis, afirmou que o Ever Given voltou a flutuar \u00e0s 13h05 GMT (10h05 no hor\u00e1rio de Bras\u00edlia), &#8220;portanto deixando livre novamente a passagem pelo Canal de Suez&#8221;.<\/p>\n\n\n\n<p>O Ever Given foi levado a uma localidade fora do canal para investiga\u00e7\u00f5es e inspe\u00e7\u00f5es sobre o epis\u00f3dio.<\/p>\n\n\n\n<p>Assim que o canal foi liberado, os rebocadores buzinaram, em comemora\u00e7\u00e3o.<\/p>\n\n\n\n<p>O presidente do Egito, Abdul Fattah al-Sisi, agradeceu os eg\u00edpcios por esfor\u00e7os em &#8220;por fim \u00e0 crise&#8221; no canal, que conecta o Mar Vermelho ao Mediterr\u00e2neo.<\/p>\n\n\n\n<p>O correspondente de neg\u00f3cios da BBC Theo Leggett lembra, por\u00e9m, que as perturba\u00e7\u00f5es no com\u00e9rcio global n\u00e3o se encerrar\u00e3o nesta segunda-feira, ante a enorme fila de navios esperando para atravessar Suez. Acredita-se que a normaliza\u00e7\u00e3o do tr\u00e1fego ainda leve v\u00e1rios dias, com reflexos nos pre\u00e7os e na disponibilidade de produtos ao redor do mundo.<\/p>\n\n\n\n<p>O Ever Given, que pesa 200 mil toneladas, encalhou na ter\u00e7a-feira passada, em meio a fortes ventos e a uma tempestade de areia que atrapalhou a visibilidade.<\/p>\n\n\n\n<p>Para resgat\u00e1-lo, a empresa Boskalis empregou uma equipe de especialistas, que come\u00e7ou primeiro libertando a popa e depois a proa. Foi necess\u00e1rio remover mais de 230 mil metros c\u00fabicos de areia para desencalh\u00e1-lo.<\/p>\n\n\n\n<p>No domingo, autoridades do canal haviam se preparado para remover os cerca de 18 mil cont\u00eaineres a bordo da embarca\u00e7\u00e3o, de modo a diminuir seu peso. Os cont\u00eaineres carregam produtos de todo tipo, e o valor de seguro da carga \u00e9 estimado em centenas de milh\u00f5es de d\u00f3lares.<\/p>\n\n\n\n<p>Fonte: BBC Brasil <\/p>\n","protected":false},"excerpt":{"rendered":"<p>29\/03\/2021 Depois de quase uma semana de uma enorme opera\u00e7\u00e3o de desencalhe, o cargueiro Ever Given finalmente destravou a circula\u00e7\u00e3o no Canal de Suez, nesta segunda-feira (29\/3). Segundo disseram as autoridades do canal \u00e0 ag\u00eancia Reuters, o tr\u00e1fego por Suez &#8211; que faz a rota mais curta entre a \u00c1sia e a Europa \u00e9 uma [&#8230;]\n","protected":false},"author":1,"featured_media":564,"comment_status":"closed","ping_status":"closed","sticky":false,"template":"","format":"standard","meta":[],"categories":[1],"tags":[179,69,162,163,161],"_links":{"self":[{"href":"https:\/\/alexsanderluizqueirozsilva.com.br\/index.php\/wp-json\/wp\/v2\/posts\/563"}],"collection":[{"href":"https:\/\/alexsanderluizqueirozsilva.com.br\/index.php\/wp-json\/wp\/v2\/posts"}],"about":[{"href":"https:\/\/alexsanderluizqueirozsilva.com.br\/index.php\/wp-json\/wp\/v2\/types\/post"}],"author":[{"embeddable":true,"href":"https:\/\/alexsanderluizqueirozsilva.com.br\/index.php\/wp-json\/wp\/v2\/users\/1"}],"replies":[{"embeddable":true,"href":"https:\/\/alexsanderluizqueirozsilva.com.br\/index.php\/wp-json\/wp\/v2\/comments?post=563"}],"version-history":[{"count":2,"href":"https:\/\/alexsanderluizqueirozsilva.com.br\/index.php\/wp-json\/wp\/v2\/posts\/563\/revisions"}],"predecessor-version":[{"id":568,"href":"https:\/\/alexsanderluizqueirozsilva.com.br\/index.php\/wp-json\/wp\/v2\/posts\/563\/revisions\/568"}],"wp:featuredmedia":[{"embeddable":true,"href":"https:\/\/alexsanderluizqueirozsilva.com.br\/index.php\/wp-json\/wp\/v2\/media\/564"}],"wp:attachment":[{"href":"https:\/\/alexsanderluizqueirozsilva.com.br\/index.php\/wp-json\/wp\/v2\/media?parent=563"}],"wp:term":[{"taxonomy":"category","embeddable":true,"href":"https:\/\/alexsanderluizqueirozsilva.com.br\/index.php\/wp-json\/wp\/v2\/categories?post=563"},{"taxonomy":"post_tag","embeddable":true,"href":"https:\/\/alexsanderluizqueirozsilva.com.br\/index.php\/wp-json\/wp\/v2\/tags?post=563"}],"curies":[{"name":"wp","href":"https:\/\/api.w.org\/{rel}","templated":true}]}}