{"id":850,"date":"2021-07-27T00:18:00","date_gmt":"2021-07-27T00:18:00","guid":{"rendered":"http:\/\/alexsanderluizqueirozsilva.com.br\/?p=850"},"modified":"2021-07-31T00:20:13","modified_gmt":"2021-07-31T00:20:13","slug":"como-funcionam-as-vacinas-em-po-que-estao-sendo-desenvolvidas-contra-a-covid","status":"publish","type":"post","link":"https:\/\/alexsanderluizqueirozsilva.com.br\/index.php\/como-funcionam-as-vacinas-em-po-que-estao-sendo-desenvolvidas-contra-a-covid\/","title":{"rendered":"Como funcionam as vacinas em p\u00f3 que est\u00e3o sendo desenvolvidas contra a covid"},"content":{"rendered":"\n<p>27\/07\/2021<\/p>\n\n\n\n<p><strong>Entre as paredes brancas de um laborat\u00f3rio na Medicon Village, um dos maiores parques de ci\u00eancia e tecnologia do sul da Su\u00e9cia, a qu\u00edmica Ingemo Andersson segura um inalador de pl\u00e1stico do tamanho de uma caixa de f\u00f3sforos.<\/strong><\/p>\n\n\n\n<p>Ela e sua equipe esperam que este pequeno equipamento possa desempenhar um papel importante na luta contra o coronav\u00edrus.<\/p>\n\n\n\n<p>As vacinas hoje dispon\u00edveis contra a covid-19 s\u00e3o todas injet\u00e1veis. No futuro, contudo, \u00e9 poss\u00edvel que tamb\u00e9m existam em p\u00edlulas ou em vers\u00e3o para inala\u00e7\u00e3o, como a que Andersson vem desenvolvendo.<\/p>\n\n\n\n<p>&#8220;\u00c9 f\u00e1cil e muito barato de produzir&#8221;, diz Johan Waborg, presidente da Iconovo, fabricante de inaladores para pessoas asm\u00e1ticas que se uniu \u00e0 startup de pesquisa em imunologia ISR no novo projeto.<\/p>\n\n\n\n<p>&#8220;\u00c9 s\u00f3 remover uma pequena tira de pl\u00e1stico para ativar o inalador da vacina. Depois, voc\u00ea o coloca na boca, respira fundo e inala.&#8221;<\/p>\n\n\n\n<p>A vacina em p\u00f3 contra a covid-19 que vem sendo desenvolvida pela Iconovo e pela ISR utiliza prote\u00ednas do Sars-CoV-2 fabricadas em laborat\u00f3rio (ao contr\u00e1rio dos imunizantes da Pfizer, Moderna e AstraZeneca, que usam o RNA ou DNA que codificam essas prote\u00ednas) e pode suportar temperaturas de at\u00e9 40\u00b0C.<\/p>\n\n\n\n<p>Essa \u00e9 uma grande vantagem em rela\u00e7\u00e3o \u00e0s vacinas atualmente dispon\u00edveis e aprovadas pela Organiza\u00e7\u00e3o Mundial da Sa\u00fade (OMS), que t\u00eam de ser mantidas em baixas temperaturas, chegando a -70\u00b0C no caso da Pfizer.<\/p>\n\n\n\n<p>Caso n\u00e3o se respeite a chamada cadeia do frio, elas perdem a efic\u00e1cia.<\/p>\n\n\n\n<p>&#8220;O grande diferencial \u00e9 o fato de se poder distribuir a vacina com extrema facilidade, sem a necessidade da cadeia do frio, e a possibilidade de que ela seja administrada sem a necessidade de um profissional da sa\u00fade&#8221;, diz o fundador da ISR, Ola Winquist, professor de imunologia do Instituto Karolinska, uma das principais faculdades m\u00e9dicas da Su\u00e9cia.<\/p>\n\n\n\n<h2 id=\"Comida-liofilizada\">Comida liofilizada<\/h2>\n\n\n\n<p>A empresa est\u00e1 testando seu imunizante com as variantes Beta, inicialmente identificada na \u00c1frica do Sul, e Alpha, primeiramente localizada no Reino Unido.<\/p>\n\n\n\n<p>Ela acredita que o produto pode ajudar a acelerar a vacina\u00e7\u00e3o no continente africano, onde at\u00e9 o momento n\u00e3o h\u00e1 imunizantes desenvolvidos por farmac\u00eauticas locais. O clima quente e a disponibilidade limitada de energia el\u00e9trica tem dificultado o armazenamento apropriado das doses em algumas regi\u00f5es.<\/p>\n\n\n\n<p>O potencial da vacina de inalador de p\u00f3 seco ainda n\u00e3o \u00e9 totalmente conhecido. At\u00e9 o momento, o produto foi testado em camundongos, mas a ISR e a Iconovo j\u00e1 levantaram recursos suficientes para dar in\u00edcio aos estudos em humanos nos pr\u00f3ximos dois meses.<\/p>\n\n\n\n<h2 id=\"As-vantagens-das-vacinas-em-p\u00f3\">As vantagens das vacinas em p\u00f3<\/h2>\n\n\n\n<p>Vacinas em p\u00f3 como as que est\u00e3o sendo desenvolvidas na Su\u00e9cia podem revolucionar a resposta global \u00e0 pandemia de covid-19.<\/p>\n\n\n\n<p>&#8220;Elas facilitariam a distribui\u00e7\u00e3o em \u00e1reas de dif\u00edcil acesso e, talvez, n\u00e3o precis\u00e1ssemos mais ver pessoas carregando caixas t\u00e9rmicas em bicicletas e camelos&#8221;, destaca Stefan Swartling Peterson, chefe de sa\u00fade do Unicef, bra\u00e7o da Organiza\u00e7\u00e3o das Na\u00e7\u00f5es Unidas (ONU) para a inf\u00e2ncia, \u200b\u200bde 2016 a 2020 e atualmente professor da disciplina de Transforma\u00e7\u00e3o Global para a Sa\u00fade no Instituto Karolinska.<\/p>\n\n\n\n<p>Ele compara o impacto potencial ao dos alimentos liofilizados, que se mostraram &#8220;\u00f3timos para serem levados para todos os lugares que est\u00e3o fora do alcance da eletricidade&#8221;, seja para uso por equipes m\u00e9dicas ou simplesmente para campistas aventureiros.<\/p>\n\n\n\n<p>Nesse sentido, Peterson chama aten\u00e7\u00e3o para outra empresa na Medicon Village que est\u00e1 realizando pesquisas promissoras.<\/p>\n\n\n\n<p>A Ziccum est\u00e1 testando uma nova tecnologia para tentar transformar vacinas l\u00edquidas em vers\u00f5es &#8220;secas&#8221; sem que percam a efic\u00e1cia.<\/p>\n\n\n\n<p>Isso poderia facilitar a instala\u00e7\u00e3o de unidades para a finaliza\u00e7\u00e3o do imunizante em pa\u00edses em desenvolvimento, para que os \u00faltimos est\u00e1gios de produ\u00e7\u00e3o fossem feitos no mesmo local em que o produto ser\u00e1 distribu\u00eddo.<\/p>\n\n\n\n<p>O p\u00f3 da vacina seria misturado com uma solu\u00e7\u00e3o de \u00e1gua est\u00e9ril antes da imuniza\u00e7\u00e3o e, a partir da\u00ed, o produto seria aplicado da maneira tradicional, com uma agulha.<\/p>\n\n\n\n<p>Se bem-sucedida, essa tecnologia poderia abrir caminho para inclus\u00e3o de v\u00e1rias outras modalidades de aplica\u00e7\u00e3o, de sprays nasais a p\u00edlulas, diz o CEO da Ziccum, G\u00f6ran Conradsson.<\/p>\n\n\n\n<p>&#8220;Isso requer muita pesquisa e desenvolvimento. Mas seria poss\u00edvel.&#8221;<\/p>\n\n\n\n<p>A Janssen, que fabrica a vacina de dose \u00fanica para covid-19 administrada em diversos pa\u00edses, inclusive no Brasil, tem trabalhado em um projeto-piloto para analisar a tecnologia que est\u00e1 sendo desenvolvida pela Ziccum.<\/p>\n\n\n\n<p>A farmac\u00eautica n\u00e3o confirmou se o projeto est\u00e1 ligado \u00e0 divis\u00e3o de vacinas contra covid e outras doen\u00e7as infecciosas, mas declarou que a pesquisa faz parte de um empenho para &#8220;explorar novas tecnologias que t\u00eam potencial para facilitar a distribui\u00e7\u00e3o, administra\u00e7\u00e3o e conformidade&#8221; de futuras vacinas.<\/p>\n\n\n\n<p>Os imunizantes em p\u00f3 tamb\u00e9m podem ajudar aqueles que t\u00eam medo de agulhas e oferecer uma alternativa &#8220;verde&#8221; \u00e0s \u200b\u200bvacinas l\u00edquidas, reduzindo a eletricidade necess\u00e1ria para alimentar as geladeiras e freezers normalmente usados \u200b\u200bpara armazenar os frascos com as doses.<\/p>\n\n\n\n<p>Eles tamb\u00e9m poderiam ajudar a aumentar a cobertura global da vacina.<\/p>\n\n\n\n<p>&#8220;Ningu\u00e9m estar\u00e1 completamente seguro at\u00e9 que todos estejam&#8221;, diz Conradsson. &#8220;Voc\u00ea nunca sabe o que pode acontecer se o coronav\u00edrus ainda estiver circulando em alguma parte do mundo.&#8221;<\/p>\n\n\n\n<p>&#8220;Temos que ter a capacidade de levar vacinas \u00e0s popula\u00e7\u00f5es em todo tipo de lugar para combater epidemias e pandemias&#8221;, concorda Ingrid Kromann, porta-voz da Coaliz\u00e3o para Inova\u00e7\u00f5es em Prepara\u00e7\u00e3o para Epidemias (Cepi), uma organiza\u00e7\u00e3o n\u00e3o governamental que se dedica, entre outras fun\u00e7\u00f5es, a acelerar o desenvolvimento de vacinas.<\/p>\n\n\n\n<p>Cautelosa, Kromann ressalta que as vacinas em p\u00f3 ainda est\u00e3o em est\u00e1gio inicial de desenvolvimento e que &#8220;ainda h\u00e1 muito trabalho pela frente&#8221;, como, por exemplo, estudar formas de produ\u00e7\u00e3o em escala do f\u00e1rmaco.<\/p>\n\n\n\n<p>&#8220;Mas, se bem-sucedida, poderia contribuir para melhorar o acesso a vacinas, reduzir o desperd\u00edcio e diminuir o custo de programas de vacina\u00e7\u00e3o.&#8221;<\/p>\n\n\n\n<p>BY ALEXSANDER QUEIROZ SILVA<br>Fonte: BBC Brasil <\/p>\n","protected":false},"excerpt":{"rendered":"<p>27\/07\/2021 Entre as paredes brancas de um laborat\u00f3rio na Medicon Village, um dos maiores parques de ci\u00eancia e tecnologia do sul da Su\u00e9cia, a qu\u00edmica Ingemo Andersson segura um inalador de pl\u00e1stico do tamanho de uma caixa de f\u00f3sforos. Ela e sua equipe esperam que este pequeno equipamento possa desempenhar um papel importante na luta [&#8230;]\n","protected":false},"author":1,"featured_media":851,"comment_status":"closed","ping_status":"open","sticky":false,"template":"","format":"standard","meta":[],"categories":[24,23],"tags":[69,209,30,283,78,284,82,31],"_links":{"self":[{"href":"https:\/\/alexsanderluizqueirozsilva.com.br\/index.php\/wp-json\/wp\/v2\/posts\/850"}],"collection":[{"href":"https:\/\/alexsanderluizqueirozsilva.com.br\/index.php\/wp-json\/wp\/v2\/posts"}],"about":[{"href":"https:\/\/alexsanderluizqueirozsilva.com.br\/index.php\/wp-json\/wp\/v2\/types\/post"}],"author":[{"embeddable":true,"href":"https:\/\/alexsanderluizqueirozsilva.com.br\/index.php\/wp-json\/wp\/v2\/users\/1"}],"replies":[{"embeddable":true,"href":"https:\/\/alexsanderluizqueirozsilva.com.br\/index.php\/wp-json\/wp\/v2\/comments?post=850"}],"version-history":[{"count":1,"href":"https:\/\/alexsanderluizqueirozsilva.com.br\/index.php\/wp-json\/wp\/v2\/posts\/850\/revisions"}],"predecessor-version":[{"id":852,"href":"https:\/\/alexsanderluizqueirozsilva.com.br\/index.php\/wp-json\/wp\/v2\/posts\/850\/revisions\/852"}],"wp:featuredmedia":[{"embeddable":true,"href":"https:\/\/alexsanderluizqueirozsilva.com.br\/index.php\/wp-json\/wp\/v2\/media\/851"}],"wp:attachment":[{"href":"https:\/\/alexsanderluizqueirozsilva.com.br\/index.php\/wp-json\/wp\/v2\/media?parent=850"}],"wp:term":[{"taxonomy":"category","embeddable":true,"href":"https:\/\/alexsanderluizqueirozsilva.com.br\/index.php\/wp-json\/wp\/v2\/categories?post=850"},{"taxonomy":"post_tag","embeddable":true,"href":"https:\/\/alexsanderluizqueirozsilva.com.br\/index.php\/wp-json\/wp\/v2\/tags?post=850"}],"curies":[{"name":"wp","href":"https:\/\/api.w.org\/{rel}","templated":true}]}}